{"id":1003,"date":"2017-12-20T12:09:57","date_gmt":"2017-12-20T12:09:57","guid":{"rendered":"http:\/\/schuelerblog-oyten.de\/?p=1003"},"modified":"2017-12-20T12:09:57","modified_gmt":"2017-12-20T12:09:57","slug":"kerzen-ziehen","status":"publish","type":"post","link":"http:\/\/schuelerblog-oyten.de\/?p=1003","title":{"rendered":"Kerzen ziehen"},"content":{"rendered":"<p><img loading=\"lazy\" class=\"alignnone size-medium wp-image-1001\" src=\"http:\/\/schuelerblog-oyten.de\/wp-content\/uploads\/2017\/12\/IMG_0499-e1513768862398-225x300.jpg\" alt=\"img_0499\" width=\"225\" height=\"300\" srcset=\"http:\/\/schuelerblog-oyten.de\/wp-content\/uploads\/2017\/12\/IMG_0499-e1513768862398-225x300.jpg 225w, http:\/\/schuelerblog-oyten.de\/wp-content\/uploads\/2017\/12\/IMG_0499-e1513768862398-768x1024.jpg 768w, http:\/\/schuelerblog-oyten.de\/wp-content\/uploads\/2017\/12\/IMG_0499-e1513768862398-940x1253.jpg 940w, http:\/\/schuelerblog-oyten.de\/wp-content\/uploads\/2017\/12\/IMG_0499-e1513768862398-300x400.jpg 300w\" sizes=\"(max-width: 225px) 100vw, 225px\" \/><img loading=\"lazy\" class=\"alignnone size-medium wp-image-1002\" src=\"http:\/\/schuelerblog-oyten.de\/wp-content\/uploads\/2017\/12\/IMG_0498-300x225.jpg\" alt=\"img_0498\" width=\"300\" height=\"225\" srcset=\"http:\/\/schuelerblog-oyten.de\/wp-content\/uploads\/2017\/12\/IMG_0498-300x225.jpg 300w, http:\/\/schuelerblog-oyten.de\/wp-content\/uploads\/2017\/12\/IMG_0498-768x576.jpg 768w, http:\/\/schuelerblog-oyten.de\/wp-content\/uploads\/2017\/12\/IMG_0498-1024x768.jpg 1024w, http:\/\/schuelerblog-oyten.de\/wp-content\/uploads\/2017\/12\/IMG_0498-940x705.jpg 940w, http:\/\/schuelerblog-oyten.de\/wp-content\/uploads\/2017\/12\/IMG_0498-533x400.jpg 533w\" sizes=\"(max-width: 300px) 100vw, 300px\" \/><\/p>\n<p>Kerzen ziehen<\/p>\n<p>Unsere Klasse hat heute im Werkunterricht Kerzen gezogen. Da wir 22 Kinder in der Klasse sind, haben wir zwei Gruppen gebildet. Die eine 11er Gruppe hat gemalt und die andere hat dann Kerzen gezogen. Das Kerzen ziehen ging so: Wir sind um die zusammen geschobenen B\u00e4nke gelaufen. Auf den B\u00e4nken stand ein Topf mit fl\u00fcssig gemachtem Wachs. Herr Ehling hat dann jeden aus der Gruppe einen Docht gegeben. Als n\u00e4chstes sind wir wie gesagt um die B\u00e4nke gelaufen und haben die Dochte in das Wachs getunkt. W\u00e4hrend wir die unfertige Kerze nicht eingetunkt haben, ist sie bei der Runde um die B\u00e4nke getrocknet. Viele Kinder haben bei der 3. Runde schon angefangen zu meckern, dass sie keine Lust mehr haben. Das Ziehen der Kerzen hat \u00a0ungef\u00e4hr 30 min gedauert. Es hat allen aber trotzdem Spa\u00df gemacht.<\/p>\n<p>Von: Aleah<\/p>\n<p>&nbsp;<\/p>\n<p>&nbsp;<\/p>\n","protected":false},"excerpt":{"rendered":"<p>Kerzen ziehen Unsere Klasse hat heute im Werkunterricht Kerzen gezogen. Da wir 22 Kinder in der Klasse sind, haben wir zwei Gruppen gebildet. Die eine 11er Gruppe hat gemalt und die andere hat dann Kerzen&hellip; <a href=\"http:\/\/schuelerblog-oyten.de\/?p=1003\">Mehr<\/a><\/p>\n","protected":false},"author":1,"featured_media":0,"comment_status":"open","ping_status":"open","sticky":false,"template":"","format":"standard","meta":[],"categories":[1],"tags":[],"_links":{"self":[{"href":"http:\/\/schuelerblog-oyten.de\/index.php?rest_route=\/wp\/v2\/posts\/1003"}],"collection":[{"href":"http:\/\/schuelerblog-oyten.de\/index.php?rest_route=\/wp\/v2\/posts"}],"about":[{"href":"http:\/\/schuelerblog-oyten.de\/index.php?rest_route=\/wp\/v2\/types\/post"}],"author":[{"embeddable":true,"href":"http:\/\/schuelerblog-oyten.de\/index.php?rest_route=\/wp\/v2\/users\/1"}],"replies":[{"embeddable":true,"href":"http:\/\/schuelerblog-oyten.de\/index.php?rest_route=%2Fwp%2Fv2%2Fcomments&post=1003"}],"version-history":[{"count":1,"href":"http:\/\/schuelerblog-oyten.de\/index.php?rest_route=\/wp\/v2\/posts\/1003\/revisions"}],"predecessor-version":[{"id":1007,"href":"http:\/\/schuelerblog-oyten.de\/index.php?rest_route=\/wp\/v2\/posts\/1003\/revisions\/1007"}],"wp:attachment":[{"href":"http:\/\/schuelerblog-oyten.de\/index.php?rest_route=%2Fwp%2Fv2%2Fmedia&parent=1003"}],"wp:term":[{"taxonomy":"category","embeddable":true,"href":"http:\/\/schuelerblog-oyten.de\/index.php?rest_route=%2Fwp%2Fv2%2Fcategories&post=1003"},{"taxonomy":"post_tag","embeddable":true,"href":"http:\/\/schuelerblog-oyten.de\/index.php?rest_route=%2Fwp%2Fv2%2Ftags&post=1003"}],"curies":[{"name":"wp","href":"https:\/\/api.w.org\/{rel}","templated":true}]}}