{"id":1070,"date":"2018-01-22T11:12:22","date_gmt":"2018-01-22T11:12:22","guid":{"rendered":"http:\/\/schuelerblog-oyten.de\/?p=1070"},"modified":"2018-01-31T21:37:47","modified_gmt":"2018-01-31T21:37:47","slug":"schoko-quark-duo-rezept","status":"publish","type":"post","link":"http:\/\/schuelerblog-oyten.de\/?p=1070","title":{"rendered":"Schoko-Quark-Duo Rezept"},"content":{"rendered":"<p>200g\u00a0\u00a0\u00a0\u00a0\u00a0\u00a0\u00a0\u00a0\u00a0\u00a0\u00a0\u00a0\u00a0\u00a0\u00a0\u00a0\u00a0\u00a0\u00a0\u00a0\u00a0\u00a0\u00a0 Sahne<\/p>\n<p>1\u00a0 P\u00e4ckchen\u00a0\u00a0\u00a0\u00a0\u00a0\u00a0 Sahnesteif<\/p>\n<p>1\u00a0 P\u00e4ckchen\u00a0\u00a0\u00a0\u00a0\u00a0\u00a0\u00a0 Vanillinzucker<\/p>\n<p>250g\u00a0\u00a0\u00a0\u00a0\u00a0\u00a0\u00a0 \u00a0\u00a0\u00a0\u00a0\u00a0\u00a0\u00a0\u00a0\u00a0\u00a0\u00a0\u00a0\u00a0\u00a0\u00a0\u00a0\u00a0\u00a0Magerquark<\/p>\n<p>300g\u00a0\u00a0\u00a0\u00a0\u00a0\u00a0\u00a0\u00a0\u00a0\u00a0\u00a0\u00a0\u00a0\u00a0\u00a0\u00a0\u00a0\u00a0\u00a0\u00a0\u00a0\u00a0\u00a0\u00a0\u00a0 Jogurt<\/p>\n<p>75g\u00a0\u00a0\u00a0\u00a0\u00a0\u00a0\u00a0\u00a0\u00a0\u00a0\u00a0\u00a0\u00a0\u00a0\u00a0\u00a0\u00a0\u00a0\u00a0\u00a0\u00a0\u00a0\u00a0\u00a0\u00a0 Zucker<\/p>\n<p>2 EL\u00a0\u00a0\u00a0\u00a0\u00a0\u00a0\u00a0\u00a0\u00a0\u00a0\u00a0\u00a0\u00a0\u00a0\u00a0\u00a0\u00a0\u00a0\u00a0\u00a0\u00a0\u00a0 Milch<\/p>\n<p>4EL\u00a0\u00a0\u00a0\u00a0\u00a0\u00a0\u00a0\u00a0\u00a0\u00a0\u00a0\u00a0\u00a0\u00a0\u00a0\u00a0\u00a0\u00a0\u00a0\u00a0\u00a0\u00a0\u00a0 Kakaopulver (ges\u00fc\u00dft)<\/p>\n<p>Zubereitung:<\/p>\n<ol>\n<li>Sahne mit Sahnesteif und Vanillezucker mit den R\u00fchrbesen des Handr\u00fchrger\u00e4t steif schlagen.<\/li>\n<li>Quark, Jogurt und Zucker in einer Sch\u00fcssel verr\u00fchren.<\/li>\n<li>Die geschlagene Sahne unter die Quark-Jogurt-Masse heben.<\/li>\n<li>Die Masse in zwei H\u00e4lften teilen.<\/li>\n<li>Milch in der Mikrowelle erw\u00e4rmen, das Kakaopulver darin aufl\u00f6sen und unter die eine H\u00e4lfte der Masse r\u00fchren.<\/li>\n<li>In Gl\u00e4ser schichten, so dass die dunkle Masse unten im Glas ist.<\/li>\n<li>Bis zum Verzehr kalt stellen.<\/li>\n<\/ol>\n<p>Viel Spa\u00df beim Naschen<\/p>\n<p>Von Maya, Leonie 4a, 4b<\/p>\n<p>&nbsp;<\/p>\n","protected":false},"excerpt":{"rendered":"<p>200g\u00a0\u00a0\u00a0\u00a0\u00a0\u00a0\u00a0\u00a0\u00a0\u00a0\u00a0\u00a0\u00a0\u00a0\u00a0\u00a0\u00a0\u00a0\u00a0\u00a0\u00a0\u00a0\u00a0 Sahne 1\u00a0 P\u00e4ckchen\u00a0\u00a0\u00a0\u00a0\u00a0\u00a0 Sahnesteif 1\u00a0 P\u00e4ckchen\u00a0\u00a0\u00a0\u00a0\u00a0\u00a0\u00a0 Vanillinzucker 250g\u00a0\u00a0\u00a0\u00a0\u00a0\u00a0\u00a0 \u00a0\u00a0\u00a0\u00a0\u00a0\u00a0\u00a0\u00a0\u00a0\u00a0\u00a0\u00a0\u00a0\u00a0\u00a0\u00a0\u00a0\u00a0Magerquark 300g\u00a0\u00a0\u00a0\u00a0\u00a0\u00a0\u00a0\u00a0\u00a0\u00a0\u00a0\u00a0\u00a0\u00a0\u00a0\u00a0\u00a0\u00a0\u00a0\u00a0\u00a0\u00a0\u00a0\u00a0\u00a0 Jogurt 75g\u00a0\u00a0\u00a0\u00a0\u00a0\u00a0\u00a0\u00a0\u00a0\u00a0\u00a0\u00a0\u00a0\u00a0\u00a0\u00a0\u00a0\u00a0\u00a0\u00a0\u00a0\u00a0\u00a0\u00a0\u00a0 Zucker 2 EL\u00a0\u00a0\u00a0\u00a0\u00a0\u00a0\u00a0\u00a0\u00a0\u00a0\u00a0\u00a0\u00a0\u00a0\u00a0\u00a0\u00a0\u00a0\u00a0\u00a0\u00a0\u00a0 Milch 4EL\u00a0\u00a0\u00a0\u00a0\u00a0\u00a0\u00a0\u00a0\u00a0\u00a0\u00a0\u00a0\u00a0\u00a0\u00a0\u00a0\u00a0\u00a0\u00a0\u00a0\u00a0\u00a0\u00a0 Kakaopulver (ges\u00fc\u00dft) Zubereitung: Sahne mit Sahnesteif und Vanillezucker mit den R\u00fchrbesen des Handr\u00fchrger\u00e4t steif schlagen. Quark, Jogurt&hellip; <a href=\"http:\/\/schuelerblog-oyten.de\/?p=1070\">Mehr<\/a><\/p>\n","protected":false},"author":1,"featured_media":0,"comment_status":"open","ping_status":"open","sticky":false,"template":"","format":"standard","meta":[],"categories":[1],"tags":[],"_links":{"self":[{"href":"http:\/\/schuelerblog-oyten.de\/index.php?rest_route=\/wp\/v2\/posts\/1070"}],"collection":[{"href":"http:\/\/schuelerblog-oyten.de\/index.php?rest_route=\/wp\/v2\/posts"}],"about":[{"href":"http:\/\/schuelerblog-oyten.de\/index.php?rest_route=\/wp\/v2\/types\/post"}],"author":[{"embeddable":true,"href":"http:\/\/schuelerblog-oyten.de\/index.php?rest_route=\/wp\/v2\/users\/1"}],"replies":[{"embeddable":true,"href":"http:\/\/schuelerblog-oyten.de\/index.php?rest_route=%2Fwp%2Fv2%2Fcomments&post=1070"}],"version-history":[{"count":1,"href":"http:\/\/schuelerblog-oyten.de\/index.php?rest_route=\/wp\/v2\/posts\/1070\/revisions"}],"predecessor-version":[{"id":1071,"href":"http:\/\/schuelerblog-oyten.de\/index.php?rest_route=\/wp\/v2\/posts\/1070\/revisions\/1071"}],"wp:attachment":[{"href":"http:\/\/schuelerblog-oyten.de\/index.php?rest_route=%2Fwp%2Fv2%2Fmedia&parent=1070"}],"wp:term":[{"taxonomy":"category","embeddable":true,"href":"http:\/\/schuelerblog-oyten.de\/index.php?rest_route=%2Fwp%2Fv2%2Fcategories&post=1070"},{"taxonomy":"post_tag","embeddable":true,"href":"http:\/\/schuelerblog-oyten.de\/index.php?rest_route=%2Fwp%2Fv2%2Ftags&post=1070"}],"curies":[{"name":"wp","href":"https:\/\/api.w.org\/{rel}","templated":true}]}}