{"id":1132,"date":"2018-03-05T11:54:34","date_gmt":"2018-03-05T11:54:34","guid":{"rendered":"http:\/\/schuelerblog-oyten.de\/?p=1132"},"modified":"2018-03-05T11:54:34","modified_gmt":"2018-03-05T11:54:34","slug":"die-fahrradpruefung","status":"publish","type":"post","link":"http:\/\/schuelerblog-oyten.de\/?p=1132","title":{"rendered":"Die Fahrradpr\u00fcfung"},"content":{"rendered":"<p><img loading=\"lazy\" class=\"alignnone size-medium wp-image-1126\" src=\"http:\/\/schuelerblog-oyten.de\/wp-content\/uploads\/2018\/03\/IMG_0553-300x225.jpg\" alt=\"img_0553\" width=\"300\" height=\"225\" srcset=\"http:\/\/schuelerblog-oyten.de\/wp-content\/uploads\/2018\/03\/IMG_0553-300x225.jpg 300w, http:\/\/schuelerblog-oyten.de\/wp-content\/uploads\/2018\/03\/IMG_0553-768x576.jpg 768w, http:\/\/schuelerblog-oyten.de\/wp-content\/uploads\/2018\/03\/IMG_0553-1024x768.jpg 1024w, http:\/\/schuelerblog-oyten.de\/wp-content\/uploads\/2018\/03\/IMG_0553-940x705.jpg 940w, http:\/\/schuelerblog-oyten.de\/wp-content\/uploads\/2018\/03\/IMG_0553-533x400.jpg 533w\" sizes=\"(max-width: 300px) 100vw, 300px\" \/><\/p>\n<p>Jedes Jahr machen die 4. Klassen die Fahrradpr\u00fcfung. Dieses Mal findet sie am 17.04.2018 statt.<\/p>\n<p><img loading=\"lazy\" class=\"alignnone size-medium wp-image-1127\" src=\"http:\/\/schuelerblog-oyten.de\/wp-content\/uploads\/2018\/03\/IMG_0552-300x225.jpg\" alt=\"img_0552\" width=\"300\" height=\"225\" \/><img loading=\"lazy\" class=\"alignnone size-medium wp-image-1130\" src=\"http:\/\/schuelerblog-oyten.de\/wp-content\/uploads\/2018\/03\/IMG_0549-300x225.jpg\" alt=\"img_0549\" width=\"300\" height=\"225\" \/><\/p>\n<p>&nbsp;<\/p>\n<p>Sie besteht aus einem praktischem und einem theoretischem Teil. Daf\u00fcr bringen wir unsere Fahrr\u00e4der mit. Wir \u00fcben auf dem Schulhof. Am 17.04.2018 wird die Polizistin Frau Brammer uns pr\u00fcfen.<\/p>\n<p>Von Johanna, Luisa, Evelyn und Jamila (05.03.2018)<\/p>\n<p>&nbsp;<\/p>\n<p>&nbsp;<\/p>\n<p>&nbsp;<\/p>\n","protected":false},"excerpt":{"rendered":"<p>Jedes Jahr machen die 4. Klassen die Fahrradpr\u00fcfung. Dieses Mal findet sie am 17.04.2018 statt. &nbsp; Sie besteht aus einem praktischem und einem theoretischem Teil. Daf\u00fcr bringen wir unsere Fahrr\u00e4der mit. Wir \u00fcben auf dem&hellip; <a href=\"http:\/\/schuelerblog-oyten.de\/?p=1132\">Mehr<\/a><\/p>\n","protected":false},"author":1,"featured_media":0,"comment_status":"open","ping_status":"open","sticky":false,"template":"","format":"standard","meta":[],"categories":[1],"tags":[],"_links":{"self":[{"href":"http:\/\/schuelerblog-oyten.de\/index.php?rest_route=\/wp\/v2\/posts\/1132"}],"collection":[{"href":"http:\/\/schuelerblog-oyten.de\/index.php?rest_route=\/wp\/v2\/posts"}],"about":[{"href":"http:\/\/schuelerblog-oyten.de\/index.php?rest_route=\/wp\/v2\/types\/post"}],"author":[{"embeddable":true,"href":"http:\/\/schuelerblog-oyten.de\/index.php?rest_route=\/wp\/v2\/users\/1"}],"replies":[{"embeddable":true,"href":"http:\/\/schuelerblog-oyten.de\/index.php?rest_route=%2Fwp%2Fv2%2Fcomments&post=1132"}],"version-history":[{"count":2,"href":"http:\/\/schuelerblog-oyten.de\/index.php?rest_route=\/wp\/v2\/posts\/1132\/revisions"}],"predecessor-version":[{"id":1135,"href":"http:\/\/schuelerblog-oyten.de\/index.php?rest_route=\/wp\/v2\/posts\/1132\/revisions\/1135"}],"wp:attachment":[{"href":"http:\/\/schuelerblog-oyten.de\/index.php?rest_route=%2Fwp%2Fv2%2Fmedia&parent=1132"}],"wp:term":[{"taxonomy":"category","embeddable":true,"href":"http:\/\/schuelerblog-oyten.de\/index.php?rest_route=%2Fwp%2Fv2%2Fcategories&post=1132"},{"taxonomy":"post_tag","embeddable":true,"href":"http:\/\/schuelerblog-oyten.de\/index.php?rest_route=%2Fwp%2Fv2%2Ftags&post=1132"}],"curies":[{"name":"wp","href":"https:\/\/api.w.org\/{rel}","templated":true}]}}