{"id":1159,"date":"2018-04-09T11:04:02","date_gmt":"2018-04-09T11:04:02","guid":{"rendered":"http:\/\/schuelerblog-oyten.de\/?p=1159"},"modified":"2018-04-09T11:05:02","modified_gmt":"2018-04-09T11:05:02","slug":"der-fruehling-ist-da","status":"publish","type":"post","link":"http:\/\/schuelerblog-oyten.de\/?p=1159","title":{"rendered":"Der Fr\u00fchling ist da"},"content":{"rendered":"<p><img loading=\"lazy\" class=\"alignnone size-medium wp-image-1164\" src=\"http:\/\/schuelerblog-oyten.de\/wp-content\/uploads\/2018\/04\/IMG_0563-300x225.jpg\" alt=\"img_0563\" width=\"300\" height=\"225\" srcset=\"http:\/\/schuelerblog-oyten.de\/wp-content\/uploads\/2018\/04\/IMG_0563-300x225.jpg 300w, http:\/\/schuelerblog-oyten.de\/wp-content\/uploads\/2018\/04\/IMG_0563-768x576.jpg 768w, http:\/\/schuelerblog-oyten.de\/wp-content\/uploads\/2018\/04\/IMG_0563-1024x768.jpg 1024w, http:\/\/schuelerblog-oyten.de\/wp-content\/uploads\/2018\/04\/IMG_0563-940x705.jpg 940w, http:\/\/schuelerblog-oyten.de\/wp-content\/uploads\/2018\/04\/IMG_0563-533x400.jpg 533w\" sizes=\"(max-width: 300px) 100vw, 300px\" \/><\/p>\n<p>Die 2c hatte letztes Jahr Tulpenzwiebeln eingepflanzt.<\/p>\n<p>Nach einem Jahr bl\u00fchen die Tulpen sehr sch\u00f6n.<\/p>\n<p>Sie versch\u00f6nern den Schulgarten.<\/p>\n<p>Evelyn und Marisa<\/p>\n<p>&nbsp;<\/p>\n<p>&nbsp;<\/p>\n<p>&nbsp;<\/p>\n","protected":false},"excerpt":{"rendered":"<p>Die 2c hatte letztes Jahr Tulpenzwiebeln eingepflanzt. Nach einem Jahr bl\u00fchen die Tulpen sehr sch\u00f6n. Sie versch\u00f6nern den Schulgarten. Evelyn und Marisa &nbsp; &nbsp; &nbsp;<\/p>\n","protected":false},"author":1,"featured_media":0,"comment_status":"open","ping_status":"open","sticky":false,"template":"","format":"standard","meta":[],"categories":[1],"tags":[],"_links":{"self":[{"href":"http:\/\/schuelerblog-oyten.de\/index.php?rest_route=\/wp\/v2\/posts\/1159"}],"collection":[{"href":"http:\/\/schuelerblog-oyten.de\/index.php?rest_route=\/wp\/v2\/posts"}],"about":[{"href":"http:\/\/schuelerblog-oyten.de\/index.php?rest_route=\/wp\/v2\/types\/post"}],"author":[{"embeddable":true,"href":"http:\/\/schuelerblog-oyten.de\/index.php?rest_route=\/wp\/v2\/users\/1"}],"replies":[{"embeddable":true,"href":"http:\/\/schuelerblog-oyten.de\/index.php?rest_route=%2Fwp%2Fv2%2Fcomments&post=1159"}],"version-history":[{"count":2,"href":"http:\/\/schuelerblog-oyten.de\/index.php?rest_route=\/wp\/v2\/posts\/1159\/revisions"}],"predecessor-version":[{"id":1165,"href":"http:\/\/schuelerblog-oyten.de\/index.php?rest_route=\/wp\/v2\/posts\/1159\/revisions\/1165"}],"wp:attachment":[{"href":"http:\/\/schuelerblog-oyten.de\/index.php?rest_route=%2Fwp%2Fv2%2Fmedia&parent=1159"}],"wp:term":[{"taxonomy":"category","embeddable":true,"href":"http:\/\/schuelerblog-oyten.de\/index.php?rest_route=%2Fwp%2Fv2%2Fcategories&post=1159"},{"taxonomy":"post_tag","embeddable":true,"href":"http:\/\/schuelerblog-oyten.de\/index.php?rest_route=%2Fwp%2Fv2%2Ftags&post=1159"}],"curies":[{"name":"wp","href":"https:\/\/api.w.org\/{rel}","templated":true}]}}