{"id":1223,"date":"2018-05-10T13:27:42","date_gmt":"2018-05-10T13:27:42","guid":{"rendered":"http:\/\/schuelerblog-oyten.de\/?p=1223"},"modified":"2018-05-10T13:27:42","modified_gmt":"2018-05-10T13:27:42","slug":"projekttage","status":"publish","type":"post","link":"http:\/\/schuelerblog-oyten.de\/?p=1223","title":{"rendered":"Projekttage"},"content":{"rendered":"<p>Hinter uns liegen drei ganz tolle, entspannte Projekttage. Das Wetter war traumhaft und wir hatten viel Spa\u00df miteinander. Daf\u00fcr ein ganz herzliches Dankesch\u00f6n an das Organisationsteam.<\/p>\n<p>Wir starteten am Montag mit dem Fit-for-future Bewegungsparcour, den wir im letzten Jahr bei &#8222;Kinder laufen f\u00fcr Kinder&#8220; gewonnen hatten, waren am Dienstag alle unterwegs und beendeten die Projekttage mit den Bewegungsstationen, die die Klassen sich \u00fcberlegt hatten.<\/p>\n<p><img loading=\"lazy\" class=\"alignnone size-medium wp-image-1213\" src=\"http:\/\/schuelerblog-oyten.de\/wp-content\/uploads\/2018\/05\/20180507_113647-e1525957772736-225x300.jpg\" alt=\"20180507_113647\" width=\"225\" height=\"300\" srcset=\"http:\/\/schuelerblog-oyten.de\/wp-content\/uploads\/2018\/05\/20180507_113647-e1525957772736-225x300.jpg 225w, http:\/\/schuelerblog-oyten.de\/wp-content\/uploads\/2018\/05\/20180507_113647-e1525957772736-768x1024.jpg 768w, http:\/\/schuelerblog-oyten.de\/wp-content\/uploads\/2018\/05\/20180507_113647-e1525957772736-940x1253.jpg 940w, http:\/\/schuelerblog-oyten.de\/wp-content\/uploads\/2018\/05\/20180507_113647-e1525957772736-300x400.jpg 300w\" sizes=\"(max-width: 225px) 100vw, 225px\" \/><img loading=\"lazy\" class=\"alignnone size-medium wp-image-1214\" src=\"http:\/\/schuelerblog-oyten.de\/wp-content\/uploads\/2018\/05\/20180507_102426-300x225.jpg\" alt=\"20180507_102426\" width=\"300\" height=\"225\" srcset=\"http:\/\/schuelerblog-oyten.de\/wp-content\/uploads\/2018\/05\/20180507_102426-300x225.jpg 300w, http:\/\/schuelerblog-oyten.de\/wp-content\/uploads\/2018\/05\/20180507_102426-768x576.jpg 768w, http:\/\/schuelerblog-oyten.de\/wp-content\/uploads\/2018\/05\/20180507_102426-1024x768.jpg 1024w, http:\/\/schuelerblog-oyten.de\/wp-content\/uploads\/2018\/05\/20180507_102426-940x705.jpg 940w, http:\/\/schuelerblog-oyten.de\/wp-content\/uploads\/2018\/05\/20180507_102426-533x400.jpg 533w\" sizes=\"(max-width: 300px) 100vw, 300px\" \/><\/p>\n<p>Fit for Future<\/p>\n<p><img loading=\"lazy\" class=\"alignnone size-medium wp-image-1227\" src=\"http:\/\/schuelerblog-oyten.de\/wp-content\/uploads\/2018\/05\/20180509_090436-e1525958318364-225x300.jpg\" alt=\"20180509_090436\" width=\"225\" height=\"300\" srcset=\"http:\/\/schuelerblog-oyten.de\/wp-content\/uploads\/2018\/05\/20180509_090436-e1525958318364-225x300.jpg 225w, http:\/\/schuelerblog-oyten.de\/wp-content\/uploads\/2018\/05\/20180509_090436-e1525958318364-768x1024.jpg 768w, http:\/\/schuelerblog-oyten.de\/wp-content\/uploads\/2018\/05\/20180509_090436-e1525958318364-940x1253.jpg 940w, http:\/\/schuelerblog-oyten.de\/wp-content\/uploads\/2018\/05\/20180509_090436-e1525958318364-300x400.jpg 300w\" sizes=\"(max-width: 225px) 100vw, 225px\" \/><img loading=\"lazy\" class=\"alignnone size-medium wp-image-1225\" src=\"http:\/\/schuelerblog-oyten.de\/wp-content\/uploads\/2018\/05\/20180509_090849-300x225.jpg\" alt=\"20180509_090849\" width=\"300\" height=\"225\" srcset=\"http:\/\/schuelerblog-oyten.de\/wp-content\/uploads\/2018\/05\/20180509_090849-300x225.jpg 300w, http:\/\/schuelerblog-oyten.de\/wp-content\/uploads\/2018\/05\/20180509_090849-768x576.jpg 768w, http:\/\/schuelerblog-oyten.de\/wp-content\/uploads\/2018\/05\/20180509_090849-1024x768.jpg 1024w, http:\/\/schuelerblog-oyten.de\/wp-content\/uploads\/2018\/05\/20180509_090849-940x705.jpg 940w, http:\/\/schuelerblog-oyten.de\/wp-content\/uploads\/2018\/05\/20180509_090849-533x400.jpg 533w\" sizes=\"(max-width: 300px) 100vw, 300px\" \/><\/p>\n<p>Die Stationen der 1b und der 3b<\/p>\n<p><img loading=\"lazy\" class=\"alignnone size-medium wp-image-1226\" src=\"http:\/\/schuelerblog-oyten.de\/wp-content\/uploads\/2018\/05\/20180509_092222-300x225.jpg\" alt=\"20180509_092222\" width=\"300\" height=\"225\" srcset=\"http:\/\/schuelerblog-oyten.de\/wp-content\/uploads\/2018\/05\/20180509_092222-300x225.jpg 300w, http:\/\/schuelerblog-oyten.de\/wp-content\/uploads\/2018\/05\/20180509_092222-768x576.jpg 768w, http:\/\/schuelerblog-oyten.de\/wp-content\/uploads\/2018\/05\/20180509_092222-1024x768.jpg 1024w, http:\/\/schuelerblog-oyten.de\/wp-content\/uploads\/2018\/05\/20180509_092222-940x705.jpg 940w, http:\/\/schuelerblog-oyten.de\/wp-content\/uploads\/2018\/05\/20180509_092222-533x400.jpg 533w\" sizes=\"(max-width: 300px) 100vw, 300px\" \/><img loading=\"lazy\" class=\"alignnone size-medium wp-image-1228\" src=\"http:\/\/schuelerblog-oyten.de\/wp-content\/uploads\/2018\/05\/20180509_092227-300x225.jpg\" alt=\"20180509_092227\" width=\"300\" height=\"225\" srcset=\"http:\/\/schuelerblog-oyten.de\/wp-content\/uploads\/2018\/05\/20180509_092227-300x225.jpg 300w, http:\/\/schuelerblog-oyten.de\/wp-content\/uploads\/2018\/05\/20180509_092227-768x576.jpg 768w, http:\/\/schuelerblog-oyten.de\/wp-content\/uploads\/2018\/05\/20180509_092227-1024x768.jpg 1024w, http:\/\/schuelerblog-oyten.de\/wp-content\/uploads\/2018\/05\/20180509_092227-940x705.jpg 940w, http:\/\/schuelerblog-oyten.de\/wp-content\/uploads\/2018\/05\/20180509_092227-533x400.jpg 533w\" sizes=\"(max-width: 300px) 100vw, 300px\" \/><\/p>\n<p>Fische angeln bei der 1a<\/p>\n<p>Vier Klassen waren am Dienstag bei dem Benefizlauf \u201eKinder laufen f\u00fcr Kinder\u201c in Bremen. Vielen Dank an die Eltern, die bereit waren mit uns dorthin zu fahren.<\/p>\n<p>Vielen Dank auch f\u00fcr die vielen Kuchenspenden, die uns den Mittwochvormittag vers\u00fc\u00dft haben.<\/p>\n<p>Ein ganz besonderes Dankesch\u00f6n gilt aber dem Schulverein und vor allem den drei M\u00fcttern, die am Montag und am Mittwoch das Fr\u00fchst\u00fccks- bzw. Kuchenbuffet organisiert haben. Sie schmierten \u00fcber 200 Br\u00f6tchen, bereiteten Obstspie\u00dfe zu, schnitten Gem\u00fcse klein und standen an beiden Tagen tatkr\u00e4ftig an dem Stand auf dem Schulhof und versorgten unsere Kinder.<\/p>\n<p><img loading=\"lazy\" class=\"alignnone size-medium wp-image-1224\" src=\"http:\/\/schuelerblog-oyten.de\/wp-content\/uploads\/2018\/05\/20180509_090902-300x225.jpg\" alt=\"20180509_090902\" width=\"300\" height=\"225\" srcset=\"http:\/\/schuelerblog-oyten.de\/wp-content\/uploads\/2018\/05\/20180509_090902-300x225.jpg 300w, http:\/\/schuelerblog-oyten.de\/wp-content\/uploads\/2018\/05\/20180509_090902-768x576.jpg 768w, http:\/\/schuelerblog-oyten.de\/wp-content\/uploads\/2018\/05\/20180509_090902-1024x768.jpg 1024w, http:\/\/schuelerblog-oyten.de\/wp-content\/uploads\/2018\/05\/20180509_090902-940x705.jpg 940w, http:\/\/schuelerblog-oyten.de\/wp-content\/uploads\/2018\/05\/20180509_090902-533x400.jpg 533w\" sizes=\"(max-width: 300px) 100vw, 300px\" \/><\/p>\n<p>Elke Pawellek<\/p>\n<p>&nbsp;<\/p>\n","protected":false},"excerpt":{"rendered":"<p>Hinter uns liegen drei ganz tolle, entspannte Projekttage. Das Wetter war traumhaft und wir hatten viel Spa\u00df miteinander. Daf\u00fcr ein ganz herzliches Dankesch\u00f6n an das Organisationsteam. Wir starteten am Montag mit dem Fit-for-future Bewegungsparcour, den&hellip; <a href=\"http:\/\/schuelerblog-oyten.de\/?p=1223\">Mehr<\/a><\/p>\n","protected":false},"author":1,"featured_media":0,"comment_status":"open","ping_status":"open","sticky":false,"template":"","format":"standard","meta":[],"categories":[1],"tags":[],"_links":{"self":[{"href":"http:\/\/schuelerblog-oyten.de\/index.php?rest_route=\/wp\/v2\/posts\/1223"}],"collection":[{"href":"http:\/\/schuelerblog-oyten.de\/index.php?rest_route=\/wp\/v2\/posts"}],"about":[{"href":"http:\/\/schuelerblog-oyten.de\/index.php?rest_route=\/wp\/v2\/types\/post"}],"author":[{"embeddable":true,"href":"http:\/\/schuelerblog-oyten.de\/index.php?rest_route=\/wp\/v2\/users\/1"}],"replies":[{"embeddable":true,"href":"http:\/\/schuelerblog-oyten.de\/index.php?rest_route=%2Fwp%2Fv2%2Fcomments&post=1223"}],"version-history":[{"count":1,"href":"http:\/\/schuelerblog-oyten.de\/index.php?rest_route=\/wp\/v2\/posts\/1223\/revisions"}],"predecessor-version":[{"id":1229,"href":"http:\/\/schuelerblog-oyten.de\/index.php?rest_route=\/wp\/v2\/posts\/1223\/revisions\/1229"}],"wp:attachment":[{"href":"http:\/\/schuelerblog-oyten.de\/index.php?rest_route=%2Fwp%2Fv2%2Fmedia&parent=1223"}],"wp:term":[{"taxonomy":"category","embeddable":true,"href":"http:\/\/schuelerblog-oyten.de\/index.php?rest_route=%2Fwp%2Fv2%2Fcategories&post=1223"},{"taxonomy":"post_tag","embeddable":true,"href":"http:\/\/schuelerblog-oyten.de\/index.php?rest_route=%2Fwp%2Fv2%2Ftags&post=1223"}],"curies":[{"name":"wp","href":"https:\/\/api.w.org\/{rel}","templated":true}]}}