{"id":1256,"date":"2018-06-06T10:19:23","date_gmt":"2018-06-06T10:19:23","guid":{"rendered":"http:\/\/schuelerblog-oyten.de\/?p=1256"},"modified":"2018-06-11T10:31:19","modified_gmt":"2018-06-11T10:31:19","slug":"fussballturnier-der-jungen","status":"publish","type":"post","link":"http:\/\/schuelerblog-oyten.de\/?p=1256","title":{"rendered":"Fu\u00dfballturnier der Jungen am 01.06.18"},"content":{"rendered":"<p><img loading=\"lazy\" class=\"alignnone size-medium wp-image-1257\" src=\"http:\/\/schuelerblog-oyten.de\/wp-content\/uploads\/2018\/06\/IMG_0203-300x225.jpg\" alt=\"img_0203\" width=\"300\" height=\"225\" srcset=\"http:\/\/schuelerblog-oyten.de\/wp-content\/uploads\/2018\/06\/IMG_0203-300x225.jpg 300w, http:\/\/schuelerblog-oyten.de\/wp-content\/uploads\/2018\/06\/IMG_0203-768x576.jpg 768w, http:\/\/schuelerblog-oyten.de\/wp-content\/uploads\/2018\/06\/IMG_0203-1024x768.jpg 1024w, http:\/\/schuelerblog-oyten.de\/wp-content\/uploads\/2018\/06\/IMG_0203-940x705.jpg 940w, http:\/\/schuelerblog-oyten.de\/wp-content\/uploads\/2018\/06\/IMG_0203-533x400.jpg 533w, http:\/\/schuelerblog-oyten.de\/wp-content\/uploads\/2018\/06\/IMG_0203.jpg 1600w\" sizes=\"(max-width: 300px) 100vw, 300px\" \/> <img loading=\"lazy\" class=\"alignnone size-medium wp-image-1258\" src=\"http:\/\/schuelerblog-oyten.de\/wp-content\/uploads\/2018\/06\/IMG_0202-300x225.jpg\" alt=\"img_0202\" width=\"300\" height=\"225\" srcset=\"http:\/\/schuelerblog-oyten.de\/wp-content\/uploads\/2018\/06\/IMG_0202-300x225.jpg 300w, http:\/\/schuelerblog-oyten.de\/wp-content\/uploads\/2018\/06\/IMG_0202-768x576.jpg 768w, http:\/\/schuelerblog-oyten.de\/wp-content\/uploads\/2018\/06\/IMG_0202-1024x768.jpg 1024w, http:\/\/schuelerblog-oyten.de\/wp-content\/uploads\/2018\/06\/IMG_0202-940x705.jpg 940w, http:\/\/schuelerblog-oyten.de\/wp-content\/uploads\/2018\/06\/IMG_0202-533x400.jpg 533w, http:\/\/schuelerblog-oyten.de\/wp-content\/uploads\/2018\/06\/IMG_0202.jpg 1600w\" sizes=\"(max-width: 300px) 100vw, 300px\" \/> <img loading=\"lazy\" class=\"alignnone size-medium wp-image-1259\" src=\"http:\/\/schuelerblog-oyten.de\/wp-content\/uploads\/2018\/06\/IMG_0205-300x225.jpg\" alt=\"img_0205\" width=\"300\" height=\"225\" srcset=\"http:\/\/schuelerblog-oyten.de\/wp-content\/uploads\/2018\/06\/IMG_0205-300x225.jpg 300w, http:\/\/schuelerblog-oyten.de\/wp-content\/uploads\/2018\/06\/IMG_0205-768x576.jpg 768w, http:\/\/schuelerblog-oyten.de\/wp-content\/uploads\/2018\/06\/IMG_0205-1024x768.jpg 1024w, http:\/\/schuelerblog-oyten.de\/wp-content\/uploads\/2018\/06\/IMG_0205-940x705.jpg 940w, http:\/\/schuelerblog-oyten.de\/wp-content\/uploads\/2018\/06\/IMG_0205-533x400.jpg 533w, http:\/\/schuelerblog-oyten.de\/wp-content\/uploads\/2018\/06\/IMG_0205.jpg 1600w\" sizes=\"(max-width: 300px) 100vw, 300px\" \/><\/p>\n<p>Am 01.06 war in Verden ein Fu\u00dfballturnier.<\/p>\n<p>Gegen die Grundschule V\u00f6lkersen hat die Grundschule Oyten 2:0 gewonnen.<\/p>\n<p>Die n\u00e4chsten 2 spannenden Spiele endeten 0:0.<\/p>\n<p>Gegen die Finalteilnehmer\u00a0 der GS Paulsberg haben wir 3:0 verloren. Das letzte Spiel endete 0:0.<\/p>\n<p>Die GS Oyten hat den 5. Platz gemacht.<\/p>\n<p>Der 1. Platz ging an die GS Jahnstra\u00dfe Verden.<\/p>\n<p>Evelyn, Marisa<\/p>\n","protected":false},"excerpt":{"rendered":"<p>Am 01.06 war in Verden ein Fu\u00dfballturnier. Gegen die Grundschule V\u00f6lkersen hat die Grundschule Oyten 2:0 gewonnen. Die n\u00e4chsten 2 spannenden Spiele endeten 0:0. Gegen die Finalteilnehmer\u00a0 der GS Paulsberg haben wir 3:0 verloren. Das&hellip; <a href=\"http:\/\/schuelerblog-oyten.de\/?p=1256\">Mehr<\/a><\/p>\n","protected":false},"author":1,"featured_media":0,"comment_status":"open","ping_status":"open","sticky":false,"template":"","format":"standard","meta":[],"categories":[1],"tags":[],"_links":{"self":[{"href":"http:\/\/schuelerblog-oyten.de\/index.php?rest_route=\/wp\/v2\/posts\/1256"}],"collection":[{"href":"http:\/\/schuelerblog-oyten.de\/index.php?rest_route=\/wp\/v2\/posts"}],"about":[{"href":"http:\/\/schuelerblog-oyten.de\/index.php?rest_route=\/wp\/v2\/types\/post"}],"author":[{"embeddable":true,"href":"http:\/\/schuelerblog-oyten.de\/index.php?rest_route=\/wp\/v2\/users\/1"}],"replies":[{"embeddable":true,"href":"http:\/\/schuelerblog-oyten.de\/index.php?rest_route=%2Fwp%2Fv2%2Fcomments&post=1256"}],"version-history":[{"count":3,"href":"http:\/\/schuelerblog-oyten.de\/index.php?rest_route=\/wp\/v2\/posts\/1256\/revisions"}],"predecessor-version":[{"id":1264,"href":"http:\/\/schuelerblog-oyten.de\/index.php?rest_route=\/wp\/v2\/posts\/1256\/revisions\/1264"}],"wp:attachment":[{"href":"http:\/\/schuelerblog-oyten.de\/index.php?rest_route=%2Fwp%2Fv2%2Fmedia&parent=1256"}],"wp:term":[{"taxonomy":"category","embeddable":true,"href":"http:\/\/schuelerblog-oyten.de\/index.php?rest_route=%2Fwp%2Fv2%2Fcategories&post=1256"},{"taxonomy":"post_tag","embeddable":true,"href":"http:\/\/schuelerblog-oyten.de\/index.php?rest_route=%2Fwp%2Fv2%2Ftags&post=1256"}],"curies":[{"name":"wp","href":"https:\/\/api.w.org\/{rel}","templated":true}]}}