{"id":1279,"date":"2018-09-12T10:09:27","date_gmt":"2018-09-12T10:09:27","guid":{"rendered":"http:\/\/schuelerblog-oyten.de\/?p=1279"},"modified":"2018-09-12T10:09:27","modified_gmt":"2018-09-12T10:09:27","slug":"die-neuen-erstklaessler","status":"publish","type":"post","link":"http:\/\/schuelerblog-oyten.de\/?p=1279","title":{"rendered":"Die neuen Erstkl\u00e4ssler"},"content":{"rendered":"<p>Am 11. August 2018 wurden die neuen Erstkl\u00e4ssler in die Grundschule Oyten eingeschult.\u00a0 Die neuen Erstkl\u00e4ssler f\u00fchlen sich hier rund um wohl, sie haben schon viele Freunde und m\u00f6gen den Unterricht. Au\u00dferdem haben sie uns verraten, dass sie unseren Schulhof richtig gut finden. Wir haben drei erste Klassen, die Fuchs Klasse von Herrn Ehling, die Frosch Klasse von Frau Rothe und die Eulen Klasse von Frau Klose. Die Erstkl\u00e4ssler sagten, dass sie ihre Lehrer m\u00f6gen. Wir hoffen, dass die Erstkl\u00e4ssler einen guten Start in die Schule hatten.<\/p>\n<p><em>Leonie und Elisabeth 4c <\/em><\/p>\n","protected":false},"excerpt":{"rendered":"<p>Am 11. August 2018 wurden die neuen Erstkl\u00e4ssler in die Grundschule Oyten eingeschult.\u00a0 Die neuen Erstkl\u00e4ssler f\u00fchlen sich hier rund um wohl, sie haben schon viele Freunde und m\u00f6gen den Unterricht. Au\u00dferdem haben sie uns&hellip; <a href=\"http:\/\/schuelerblog-oyten.de\/?p=1279\">Mehr<\/a><\/p>\n","protected":false},"author":1,"featured_media":0,"comment_status":"open","ping_status":"open","sticky":false,"template":"","format":"standard","meta":[],"categories":[1],"tags":[],"_links":{"self":[{"href":"http:\/\/schuelerblog-oyten.de\/index.php?rest_route=\/wp\/v2\/posts\/1279"}],"collection":[{"href":"http:\/\/schuelerblog-oyten.de\/index.php?rest_route=\/wp\/v2\/posts"}],"about":[{"href":"http:\/\/schuelerblog-oyten.de\/index.php?rest_route=\/wp\/v2\/types\/post"}],"author":[{"embeddable":true,"href":"http:\/\/schuelerblog-oyten.de\/index.php?rest_route=\/wp\/v2\/users\/1"}],"replies":[{"embeddable":true,"href":"http:\/\/schuelerblog-oyten.de\/index.php?rest_route=%2Fwp%2Fv2%2Fcomments&post=1279"}],"version-history":[{"count":1,"href":"http:\/\/schuelerblog-oyten.de\/index.php?rest_route=\/wp\/v2\/posts\/1279\/revisions"}],"predecessor-version":[{"id":1280,"href":"http:\/\/schuelerblog-oyten.de\/index.php?rest_route=\/wp\/v2\/posts\/1279\/revisions\/1280"}],"wp:attachment":[{"href":"http:\/\/schuelerblog-oyten.de\/index.php?rest_route=%2Fwp%2Fv2%2Fmedia&parent=1279"}],"wp:term":[{"taxonomy":"category","embeddable":true,"href":"http:\/\/schuelerblog-oyten.de\/index.php?rest_route=%2Fwp%2Fv2%2Fcategories&post=1279"},{"taxonomy":"post_tag","embeddable":true,"href":"http:\/\/schuelerblog-oyten.de\/index.php?rest_route=%2Fwp%2Fv2%2Ftags&post=1279"}],"curies":[{"name":"wp","href":"https:\/\/api.w.org\/{rel}","templated":true}]}}