{"id":1358,"date":"2018-12-12T11:29:41","date_gmt":"2018-12-12T11:29:41","guid":{"rendered":"http:\/\/schuelerblog-oyten.de\/?p=1358"},"modified":"2018-12-12T11:29:46","modified_gmt":"2018-12-12T11:29:46","slug":"die-garderoben-muessen-aufgeraeumt-werden","status":"publish","type":"post","link":"http:\/\/schuelerblog-oyten.de\/?p=1358","title":{"rendered":"Die Garderoben m\u00fcssen aufger\u00e4umt werden"},"content":{"rendered":"<p>Es wird mal Zeit, die Garderoben wieder aufzur\u00e4umen. Die Schuhe stehen nicht im Regal und die Jacken liegen mitten im Weg. Dort kommt man nicht mehr durch. Wir w\u00fcrden uns freuen, wenn die Garderoben aufger\u00e4umt werden. Wir hoffen, dass die Kinder in unserer Schule sich daf\u00fcr interessieren.<\/p>\n<p>Von Leonie und Jonas aus der 4c<\/p>\n","protected":false},"excerpt":{"rendered":"<p>Es wird mal Zeit, die Garderoben wieder aufzur\u00e4umen. Die Schuhe stehen nicht im Regal und die Jacken liegen mitten im Weg. Dort kommt man nicht mehr durch. Wir w\u00fcrden uns freuen, wenn die Garderoben aufger\u00e4umt&hellip; <a href=\"http:\/\/schuelerblog-oyten.de\/?p=1358\">Mehr<\/a><\/p>\n","protected":false},"author":1,"featured_media":0,"comment_status":"open","ping_status":"open","sticky":false,"template":"","format":"standard","meta":[],"categories":[1],"tags":[],"_links":{"self":[{"href":"http:\/\/schuelerblog-oyten.de\/index.php?rest_route=\/wp\/v2\/posts\/1358"}],"collection":[{"href":"http:\/\/schuelerblog-oyten.de\/index.php?rest_route=\/wp\/v2\/posts"}],"about":[{"href":"http:\/\/schuelerblog-oyten.de\/index.php?rest_route=\/wp\/v2\/types\/post"}],"author":[{"embeddable":true,"href":"http:\/\/schuelerblog-oyten.de\/index.php?rest_route=\/wp\/v2\/users\/1"}],"replies":[{"embeddable":true,"href":"http:\/\/schuelerblog-oyten.de\/index.php?rest_route=%2Fwp%2Fv2%2Fcomments&post=1358"}],"version-history":[{"count":1,"href":"http:\/\/schuelerblog-oyten.de\/index.php?rest_route=\/wp\/v2\/posts\/1358\/revisions"}],"predecessor-version":[{"id":1359,"href":"http:\/\/schuelerblog-oyten.de\/index.php?rest_route=\/wp\/v2\/posts\/1358\/revisions\/1359"}],"wp:attachment":[{"href":"http:\/\/schuelerblog-oyten.de\/index.php?rest_route=%2Fwp%2Fv2%2Fmedia&parent=1358"}],"wp:term":[{"taxonomy":"category","embeddable":true,"href":"http:\/\/schuelerblog-oyten.de\/index.php?rest_route=%2Fwp%2Fv2%2Fcategories&post=1358"},{"taxonomy":"post_tag","embeddable":true,"href":"http:\/\/schuelerblog-oyten.de\/index.php?rest_route=%2Fwp%2Fv2%2Ftags&post=1358"}],"curies":[{"name":"wp","href":"https:\/\/api.w.org\/{rel}","templated":true}]}}