{"id":1479,"date":"2019-06-05T10:25:39","date_gmt":"2019-06-05T10:25:39","guid":{"rendered":"http:\/\/schuelerblog-oyten.de\/?p=1479"},"modified":"2019-06-05T10:25:39","modified_gmt":"2019-06-05T10:25:39","slug":"die-verabschiedung-von-frau-badura","status":"publish","type":"post","link":"http:\/\/schuelerblog-oyten.de\/?p=1479","title":{"rendered":"Die Verabschiedung von Frau Badura"},"content":{"rendered":"\n<p>Das vierte\nSchuljahr der Klasse 4c neigt sich dem Ende entgegen. Viele sind dar\u00fcber\ntraurig, dass die Grundschulzeit schon zu Ende ist. Doch sie k\u00f6nnen sich ja auf\ndie weiterf\u00fchrenden Schulen freuen. Zur Verabschiedung f\u00e4hrt die Klasse 4c am\n13.06.19 in den Serengeti-Park. Dort gibt es eine Affenf\u00fctterung. Danach geht\nes in den Freizeitpark, der mit in dem Serengeti-Park enthalten ist. Wenn wir\nwieder in der Schule sind grillen wir zusammen. Jetzt werden die Betten\naufgebaut. Denn wir machen eine Lesenacht in der Schule. Wie der Name sagt,\nlesen wir in der Nacht. Die meisten Kinder werden am n\u00e4chsten Morgen abgeholt.\nWir hoffen dass Frau Badura eine sch\u00f6ne neue Klasse bekommt.<\/p>\n\n\n\n<p>Von Timo &nbsp;&nbsp;&nbsp;&nbsp;<\/p>\n\n\n\n<p><\/p>\n","protected":false},"excerpt":{"rendered":"<p>Das vierte Schuljahr der Klasse 4c neigt sich dem Ende entgegen. Viele sind dar\u00fcber traurig, dass die Grundschulzeit schon zu Ende ist. Doch sie k\u00f6nnen sich ja auf die weiterf\u00fchrenden Schulen freuen. Zur Verabschiedung f\u00e4hrt&hellip; <a href=\"http:\/\/schuelerblog-oyten.de\/?p=1479\">Mehr<\/a><\/p>\n","protected":false},"author":1,"featured_media":0,"comment_status":"open","ping_status":"open","sticky":false,"template":"","format":"standard","meta":[],"categories":[1],"tags":[],"_links":{"self":[{"href":"http:\/\/schuelerblog-oyten.de\/index.php?rest_route=\/wp\/v2\/posts\/1479"}],"collection":[{"href":"http:\/\/schuelerblog-oyten.de\/index.php?rest_route=\/wp\/v2\/posts"}],"about":[{"href":"http:\/\/schuelerblog-oyten.de\/index.php?rest_route=\/wp\/v2\/types\/post"}],"author":[{"embeddable":true,"href":"http:\/\/schuelerblog-oyten.de\/index.php?rest_route=\/wp\/v2\/users\/1"}],"replies":[{"embeddable":true,"href":"http:\/\/schuelerblog-oyten.de\/index.php?rest_route=%2Fwp%2Fv2%2Fcomments&post=1479"}],"version-history":[{"count":1,"href":"http:\/\/schuelerblog-oyten.de\/index.php?rest_route=\/wp\/v2\/posts\/1479\/revisions"}],"predecessor-version":[{"id":1480,"href":"http:\/\/schuelerblog-oyten.de\/index.php?rest_route=\/wp\/v2\/posts\/1479\/revisions\/1480"}],"wp:attachment":[{"href":"http:\/\/schuelerblog-oyten.de\/index.php?rest_route=%2Fwp%2Fv2%2Fmedia&parent=1479"}],"wp:term":[{"taxonomy":"category","embeddable":true,"href":"http:\/\/schuelerblog-oyten.de\/index.php?rest_route=%2Fwp%2Fv2%2Fcategories&post=1479"},{"taxonomy":"post_tag","embeddable":true,"href":"http:\/\/schuelerblog-oyten.de\/index.php?rest_route=%2Fwp%2Fv2%2Ftags&post=1479"}],"curies":[{"name":"wp","href":"https:\/\/api.w.org\/{rel}","templated":true}]}}