{"id":220,"date":"2016-11-23T14:39:48","date_gmt":"2016-11-23T14:39:48","guid":{"rendered":"http:\/\/schuelerblog-oyten.de\/?p=220"},"modified":"2016-11-23T14:39:48","modified_gmt":"2016-11-23T14:39:48","slug":"das-loeten","status":"publish","type":"post","link":"http:\/\/schuelerblog-oyten.de\/?p=220","title":{"rendered":"Das L\u00f6ten"},"content":{"rendered":"<p><em>Rania und Ronja (3b)<\/em><\/p>\n<p>Das Angebot &#8222;L\u00f6ten&#8220; ist im Keller. Die Kinder arbeiten in Gruppen. Dabei sind Colin, Linus, Mika, Niklas und Fabian. Jede Gruppe hat einen L\u00f6tkolben und eine Arbeitskiste mit: Ab Isolierer, zwei Zangen und die 3.Hand.<\/p>\n<p>Die Kinder l\u00f6ten Schaltungen zusammen und machen kleine Experimente. Mit dem 400\u00b0C hei\u00dfen L\u00f6tkolben und L\u00f6tzinn kann man Dr\u00e4hte verbinden und da kann man sich verbrennen. Colin macht es sehr viel Spa\u00df. Alexander, Jonathan, und Willam von der IGS sind die Helfer. \u00a0\u00a0\u00a0\u00a0<img loading=\"lazy\" class=\" wp-image-221 aligncenter\" src=\"http:\/\/schuelerblog-oyten.de\/wp-content\/uploads\/2016\/11\/SAM_1061-300x225.jpg\" alt=\"sam_1061\" width=\"388\" height=\"291\" srcset=\"http:\/\/schuelerblog-oyten.de\/wp-content\/uploads\/2016\/11\/SAM_1061-300x225.jpg 300w, http:\/\/schuelerblog-oyten.de\/wp-content\/uploads\/2016\/11\/SAM_1061-768x576.jpg 768w, http:\/\/schuelerblog-oyten.de\/wp-content\/uploads\/2016\/11\/SAM_1061-1024x768.jpg 1024w, http:\/\/schuelerblog-oyten.de\/wp-content\/uploads\/2016\/11\/SAM_1061-940x705.jpg 940w, http:\/\/schuelerblog-oyten.de\/wp-content\/uploads\/2016\/11\/SAM_1061-533x400.jpg 533w\" sizes=\"(max-width: 388px) 100vw, 388px\" \/> <img loading=\"lazy\" class=\" wp-image-222 aligncenter\" src=\"http:\/\/schuelerblog-oyten.de\/wp-content\/uploads\/2016\/11\/SAM_1062-300x225.jpg\" alt=\"sam_1062\" width=\"407\" height=\"305\" srcset=\"http:\/\/schuelerblog-oyten.de\/wp-content\/uploads\/2016\/11\/SAM_1062-300x225.jpg 300w, http:\/\/schuelerblog-oyten.de\/wp-content\/uploads\/2016\/11\/SAM_1062-768x576.jpg 768w, http:\/\/schuelerblog-oyten.de\/wp-content\/uploads\/2016\/11\/SAM_1062-1024x768.jpg 1024w, http:\/\/schuelerblog-oyten.de\/wp-content\/uploads\/2016\/11\/SAM_1062-940x705.jpg 940w, http:\/\/schuelerblog-oyten.de\/wp-content\/uploads\/2016\/11\/SAM_1062-533x400.jpg 533w\" sizes=\"(max-width: 407px) 100vw, 407px\" \/> <img loading=\"lazy\" class=\" wp-image-224 aligncenter\" src=\"http:\/\/schuelerblog-oyten.de\/wp-content\/uploads\/2016\/11\/SAM_1064-300x225.jpg\" alt=\"sam_1064\" width=\"392\" height=\"294\" \/> <img loading=\"lazy\" class=\" wp-image-225 aligncenter\" src=\"http:\/\/schuelerblog-oyten.de\/wp-content\/uploads\/2016\/11\/SAM_1065-300x225.jpg\" alt=\"sam_1065\" width=\"384\" height=\"288\" \/> <img loading=\"lazy\" class=\" wp-image-226 aligncenter\" src=\"http:\/\/schuelerblog-oyten.de\/wp-content\/uploads\/2016\/11\/SAM_1066-300x225.jpg\" alt=\"sam_1066\" width=\"408\" height=\"306\" \/><br \/>\n<img loading=\"lazy\" class=\" wp-image-228 aligncenter\" src=\"http:\/\/schuelerblog-oyten.de\/wp-content\/uploads\/2016\/11\/SAM_1060-300x225.jpg\" alt=\"sam_1060\" width=\"384\" height=\"288\" \/><\/p>\n","protected":false},"excerpt":{"rendered":"<p>Rania und Ronja (3b) Das Angebot &#8222;L\u00f6ten&#8220; ist im Keller. Die Kinder arbeiten in Gruppen. Dabei sind Colin, Linus, Mika, Niklas und Fabian. Jede Gruppe hat einen L\u00f6tkolben und eine Arbeitskiste mit: Ab Isolierer, zwei&hellip; <a href=\"http:\/\/schuelerblog-oyten.de\/?p=220\">Mehr<\/a><\/p>\n","protected":false},"author":1,"featured_media":223,"comment_status":"open","ping_status":"open","sticky":false,"template":"","format":"standard","meta":[],"categories":[5,8,3],"tags":[],"_links":{"self":[{"href":"http:\/\/schuelerblog-oyten.de\/index.php?rest_route=\/wp\/v2\/posts\/220"}],"collection":[{"href":"http:\/\/schuelerblog-oyten.de\/index.php?rest_route=\/wp\/v2\/posts"}],"about":[{"href":"http:\/\/schuelerblog-oyten.de\/index.php?rest_route=\/wp\/v2\/types\/post"}],"author":[{"embeddable":true,"href":"http:\/\/schuelerblog-oyten.de\/index.php?rest_route=\/wp\/v2\/users\/1"}],"replies":[{"embeddable":true,"href":"http:\/\/schuelerblog-oyten.de\/index.php?rest_route=%2Fwp%2Fv2%2Fcomments&post=220"}],"version-history":[{"count":2,"href":"http:\/\/schuelerblog-oyten.de\/index.php?rest_route=\/wp\/v2\/posts\/220\/revisions"}],"predecessor-version":[{"id":230,"href":"http:\/\/schuelerblog-oyten.de\/index.php?rest_route=\/wp\/v2\/posts\/220\/revisions\/230"}],"wp:featuredmedia":[{"embeddable":true,"href":"http:\/\/schuelerblog-oyten.de\/index.php?rest_route=\/wp\/v2\/media\/223"}],"wp:attachment":[{"href":"http:\/\/schuelerblog-oyten.de\/index.php?rest_route=%2Fwp%2Fv2%2Fmedia&parent=220"}],"wp:term":[{"taxonomy":"category","embeddable":true,"href":"http:\/\/schuelerblog-oyten.de\/index.php?rest_route=%2Fwp%2Fv2%2Fcategories&post=220"},{"taxonomy":"post_tag","embeddable":true,"href":"http:\/\/schuelerblog-oyten.de\/index.php?rest_route=%2Fwp%2Fv2%2Ftags&post=220"}],"curies":[{"name":"wp","href":"https:\/\/api.w.org\/{rel}","templated":true}]}}