{"id":325,"date":"2017-02-21T13:33:22","date_gmt":"2017-02-21T13:33:22","guid":{"rendered":"http:\/\/schuelerblog-oyten.de\/?p=325"},"modified":"2017-02-21T13:33:22","modified_gmt":"2017-02-21T13:33:22","slug":"der-werkraum-und-das-forscherlabor","status":"publish","type":"post","link":"http:\/\/schuelerblog-oyten.de\/?p=325","title":{"rendered":"Der Werkraum und das Forscherlabor"},"content":{"rendered":"<p><em>Emma &amp; Svea (4a)\u00a0<\/em><\/p>\n<p>Der Werkraum und das Forscherlabor sind im Keller. Im Forscherlabor gibt es f\u00fcnf Tische und zwei Regale, wo Buchstaben dran stehen. In dem Regal mit dem Buchstaben A ist alles drin was mit A anf\u00e4ngt und was zum Forschen dazu geh\u00f6rt. Wir haben auch eigene Regeln und Laborkittel. Dazu auch eine Tafel zum Erkl\u00e4ren. Im Werkraum gibt es viele Tische mit St\u00fchlen und ein Waschbecken. Es gibt im Werkraum vier Schr\u00e4nke. Hier gibt es auch noch mal eine Tafel zum Erkl\u00e4ren. Die Klassen und die L\u00f6tgruppe benutzen den Werkraum und das Forscherlabor.<\/p>\n<p><em><img loading=\"lazy\" class=\"alignnone size-medium wp-image-327\" src=\"http:\/\/schuelerblog-oyten.de\/wp-content\/uploads\/2017\/02\/SAM_1219-300x225.jpg\" alt=\"sam_1219\" width=\"300\" height=\"225\" \/> <img loading=\"lazy\" class=\"alignnone size-medium wp-image-329\" src=\"http:\/\/schuelerblog-oyten.de\/wp-content\/uploads\/2017\/02\/SAM_1229-300x225.jpg\" alt=\"sam_1229\" width=\"300\" height=\"225\" \/> <img loading=\"lazy\" class=\"alignnone size-medium wp-image-330\" src=\"http:\/\/schuelerblog-oyten.de\/wp-content\/uploads\/2017\/02\/SAM_1230-300x225.jpg\" alt=\"sam_1230\" width=\"300\" height=\"225\" \/> <img loading=\"lazy\" class=\"alignnone size-medium wp-image-331\" src=\"http:\/\/schuelerblog-oyten.de\/wp-content\/uploads\/2017\/02\/SAM_1234-300x225.jpg\" alt=\"sam_1234\" width=\"300\" height=\"225\" \/><\/em><\/p>\n","protected":false},"excerpt":{"rendered":"<p>Emma &amp; Svea (4a)\u00a0 Der Werkraum und das Forscherlabor sind im Keller. Im Forscherlabor gibt es f\u00fcnf Tische und zwei Regale, wo Buchstaben dran stehen. In dem Regal mit dem Buchstaben A ist alles drin&hellip; <a href=\"http:\/\/schuelerblog-oyten.de\/?p=325\">Mehr<\/a><\/p>\n","protected":false},"author":1,"featured_media":0,"comment_status":"open","ping_status":"open","sticky":false,"template":"","format":"standard","meta":[],"categories":[8,3],"tags":[],"_links":{"self":[{"href":"http:\/\/schuelerblog-oyten.de\/index.php?rest_route=\/wp\/v2\/posts\/325"}],"collection":[{"href":"http:\/\/schuelerblog-oyten.de\/index.php?rest_route=\/wp\/v2\/posts"}],"about":[{"href":"http:\/\/schuelerblog-oyten.de\/index.php?rest_route=\/wp\/v2\/types\/post"}],"author":[{"embeddable":true,"href":"http:\/\/schuelerblog-oyten.de\/index.php?rest_route=\/wp\/v2\/users\/1"}],"replies":[{"embeddable":true,"href":"http:\/\/schuelerblog-oyten.de\/index.php?rest_route=%2Fwp%2Fv2%2Fcomments&post=325"}],"version-history":[{"count":2,"href":"http:\/\/schuelerblog-oyten.de\/index.php?rest_route=\/wp\/v2\/posts\/325\/revisions"}],"predecessor-version":[{"id":332,"href":"http:\/\/schuelerblog-oyten.de\/index.php?rest_route=\/wp\/v2\/posts\/325\/revisions\/332"}],"wp:attachment":[{"href":"http:\/\/schuelerblog-oyten.de\/index.php?rest_route=%2Fwp%2Fv2%2Fmedia&parent=325"}],"wp:term":[{"taxonomy":"category","embeddable":true,"href":"http:\/\/schuelerblog-oyten.de\/index.php?rest_route=%2Fwp%2Fv2%2Fcategories&post=325"},{"taxonomy":"post_tag","embeddable":true,"href":"http:\/\/schuelerblog-oyten.de\/index.php?rest_route=%2Fwp%2Fv2%2Ftags&post=325"}],"curies":[{"name":"wp","href":"https:\/\/api.w.org\/{rel}","templated":true}]}}