{"id":378,"date":"2017-03-14T14:08:33","date_gmt":"2017-03-14T14:08:33","guid":{"rendered":"http:\/\/schuelerblog-oyten.de\/?p=378"},"modified":"2017-03-14T14:08:33","modified_gmt":"2017-03-14T14:08:33","slug":"die-lesepause","status":"publish","type":"post","link":"http:\/\/schuelerblog-oyten.de\/?p=378","title":{"rendered":"Die Lesepause"},"content":{"rendered":"<p>Emma und Svea (4a)<\/p>\n<p><strong>\u00a0<\/strong><strong>In der ersten gro\u00dfen Pause kann aus jeder Klasse ein Kind in die B\u00fccherei kommen um zu lesen. Au\u00dfer den 1. Klassen, die k\u00f6nnen noch nicht lesen. Die Kinder die lesen, bekommen ein Bottom und der, der die Aufsicht macht auch. Die Aufsicht sorgt daf\u00fcr, dass es leise ist und jeder liest. Der Klassensprecher kreuzt dann auf der Liste an, wer in die B\u00fccherei \u00a0geht. Immer Dienstag, Mittwoch, Donnerstag und Freitag kann man in die Lesepause gehen. Am Montag ist keine Lesepause, denn manche Kinder sind Stubenhocker. In Lesepausen wird nur gelesen, aber manche Kinder reden. \u00a0\u00a0\u00a0\u00a0\u00a0\u00a0\u00a0\u00a0\u00a0\u00a0\u00a0\u00a0\u00a0\u00a0\u00a0\u00a0\u00a0\u00a0\u00a0\u00a0\u00a0\u00a0\u00a0\u00a0\u00a0\u00a0\u00a0\u00a0\u00a0\u00a0\u00a0\u00a0\u00a0\u00a0\u00a0\u00a0\u00a0\u00a0\u00a0\u00a0\u00a0\u00a0\u00a0\u00a0\u00a0\u00a0\u00a0\u00a0\u00a0\u00a0\u00a0\u00a0\u00a0\u00a0\u00a0\u00a0\u00a0\u00a0\u00a0\u00a0\u00a0\u00a0\u00a0\u00a0\u00a0\u00a0\u00a0\u00a0\u00a0\u00a0\u00a0\u00a0\u00a0\u00a0\u00a0\u00a0\u00a0\u00a0\u00a0\u00a0\u00a0\u00a0\u00a0\u00a0\u00a0\u00a0\u00a0\u00a0\u00a0\u00a0\u00a0\u00a0\u00a0\u00a0\u00a0\u00a0<\/strong><\/p>\n<p><img loading=\"lazy\" class=\"alignnone size-medium wp-image-381\" src=\"http:\/\/schuelerblog-oyten.de\/wp-content\/uploads\/2017\/03\/SAM_1259-300x225.jpg\" alt=\"sam_1259\" width=\"300\" height=\"225\" srcset=\"http:\/\/schuelerblog-oyten.de\/wp-content\/uploads\/2017\/03\/SAM_1259-300x225.jpg 300w, http:\/\/schuelerblog-oyten.de\/wp-content\/uploads\/2017\/03\/SAM_1259-768x576.jpg 768w, http:\/\/schuelerblog-oyten.de\/wp-content\/uploads\/2017\/03\/SAM_1259-1024x768.jpg 1024w, http:\/\/schuelerblog-oyten.de\/wp-content\/uploads\/2017\/03\/SAM_1259-940x705.jpg 940w, http:\/\/schuelerblog-oyten.de\/wp-content\/uploads\/2017\/03\/SAM_1259-533x400.jpg 533w\" sizes=\"(max-width: 300px) 100vw, 300px\" \/> <img loading=\"lazy\" class=\"alignnone size-medium wp-image-383\" src=\"http:\/\/schuelerblog-oyten.de\/wp-content\/uploads\/2017\/03\/SAM_1264-300x225.jpg\" alt=\"sam_1264\" width=\"300\" height=\"225\" \/><\/p>\n","protected":false},"excerpt":{"rendered":"<p>Emma und Svea (4a) \u00a0In der ersten gro\u00dfen Pause kann aus jeder Klasse ein Kind in die B\u00fccherei kommen um zu lesen. Au\u00dfer den 1. Klassen, die k\u00f6nnen noch nicht lesen. Die Kinder die lesen,&hellip; <a href=\"http:\/\/schuelerblog-oyten.de\/?p=378\">Mehr<\/a><\/p>\n","protected":false},"author":1,"featured_media":382,"comment_status":"open","ping_status":"open","sticky":false,"template":"","format":"standard","meta":[],"categories":[5,8,1,3],"tags":[],"_links":{"self":[{"href":"http:\/\/schuelerblog-oyten.de\/index.php?rest_route=\/wp\/v2\/posts\/378"}],"collection":[{"href":"http:\/\/schuelerblog-oyten.de\/index.php?rest_route=\/wp\/v2\/posts"}],"about":[{"href":"http:\/\/schuelerblog-oyten.de\/index.php?rest_route=\/wp\/v2\/types\/post"}],"author":[{"embeddable":true,"href":"http:\/\/schuelerblog-oyten.de\/index.php?rest_route=\/wp\/v2\/users\/1"}],"replies":[{"embeddable":true,"href":"http:\/\/schuelerblog-oyten.de\/index.php?rest_route=%2Fwp%2Fv2%2Fcomments&post=378"}],"version-history":[{"count":2,"href":"http:\/\/schuelerblog-oyten.de\/index.php?rest_route=\/wp\/v2\/posts\/378\/revisions"}],"predecessor-version":[{"id":384,"href":"http:\/\/schuelerblog-oyten.de\/index.php?rest_route=\/wp\/v2\/posts\/378\/revisions\/384"}],"wp:featuredmedia":[{"embeddable":true,"href":"http:\/\/schuelerblog-oyten.de\/index.php?rest_route=\/wp\/v2\/media\/382"}],"wp:attachment":[{"href":"http:\/\/schuelerblog-oyten.de\/index.php?rest_route=%2Fwp%2Fv2%2Fmedia&parent=378"}],"wp:term":[{"taxonomy":"category","embeddable":true,"href":"http:\/\/schuelerblog-oyten.de\/index.php?rest_route=%2Fwp%2Fv2%2Fcategories&post=378"},{"taxonomy":"post_tag","embeddable":true,"href":"http:\/\/schuelerblog-oyten.de\/index.php?rest_route=%2Fwp%2Fv2%2Ftags&post=378"}],"curies":[{"name":"wp","href":"https:\/\/api.w.org\/{rel}","templated":true}]}}