{"id":433,"date":"2017-04-25T13:10:10","date_gmt":"2017-04-25T13:10:10","guid":{"rendered":"http:\/\/schuelerblog-oyten.de\/?p=433"},"modified":"2017-04-25T13:10:38","modified_gmt":"2017-04-25T13:10:38","slug":"leitbild-fuer-die-schueler","status":"publish","type":"post","link":"http:\/\/schuelerblog-oyten.de\/?p=433","title":{"rendered":"Leitbild f\u00fcr die Sch\u00fcler"},"content":{"rendered":"<p><em>Liliana (3b) und Fiene (4a)<\/em><\/p>\n<p>Die Klassensprecher der 1., 2., 3. und 4. Klassen haben sich getroffen und ein Leitbild f\u00fcr die Sch\u00fcler erstellt. Als erstes haben wir uns in Gruppen aufgeteilt. Danach hat jede Gruppe 3 \u00dcberschriften gekriegt, wo drauf stand: Was w\u00fcnscht ihr euch noch an der Schule, was gef\u00e4llt euch nicht an der Schule und was gef\u00e4llt euch an der Schule. Als n\u00e4chstes hat sich jeder Klassensprecher etwas zu den \u00dcberschriften \u00fcberlegt und es dann vorgeschlagen. In den Wolken steht was man sich w\u00fcnscht, in den Sprechblasen steht was man toll findet und in dem Fenster steht was man nicht so toll findet. Das Fundament bedeutet, was es in der Schule gibt. Einer hat sich ein Kiosk bei W\u00fcnschen gew\u00fcnscht. Ein paar Kinder finden es nicht so toll, wenn man von den Lehrern angeschimpft wird. Danach wurden wir aufgeteilt. Eine Gruppe hat gemalt, die andere Gruppe hat geklebt und die letzte Gruppe hat auf die Wolken, die Sprechblasen und auf das Fundament geschrieben. Jetzt ist das Leitbild fertig nur eine Sache fehlt noch der BILDERRAHMEN. Frau Pawellek sucht noch einen Bilderrahmen es ist sehr schwer einen gro\u00dfen Bilderrahmen zu finden<\/p>\n<p>.<img loading=\"lazy\" class=\"wp-image-455 aligncenter\" src=\"http:\/\/schuelerblog-oyten.de\/wp-content\/uploads\/2017\/04\/IMG_0156-300x225.jpg\" alt=\"img_0156\" width=\"558\" height=\"419\" srcset=\"http:\/\/schuelerblog-oyten.de\/wp-content\/uploads\/2017\/04\/IMG_0156-300x225.jpg 300w, http:\/\/schuelerblog-oyten.de\/wp-content\/uploads\/2017\/04\/IMG_0156-768x576.jpg 768w, http:\/\/schuelerblog-oyten.de\/wp-content\/uploads\/2017\/04\/IMG_0156-1024x768.jpg 1024w, http:\/\/schuelerblog-oyten.de\/wp-content\/uploads\/2017\/04\/IMG_0156-940x705.jpg 940w, http:\/\/schuelerblog-oyten.de\/wp-content\/uploads\/2017\/04\/IMG_0156-533x400.jpg 533w\" sizes=\"(max-width: 558px) 100vw, 558px\" \/><\/p>\n","protected":false},"excerpt":{"rendered":"<p>Liliana (3b) und Fiene (4a) Die Klassensprecher der 1., 2., 3. und 4. Klassen haben sich getroffen und ein Leitbild f\u00fcr die Sch\u00fcler erstellt. Als erstes haben wir uns in Gruppen aufgeteilt. Danach hat jede&hellip; <a href=\"http:\/\/schuelerblog-oyten.de\/?p=433\">Mehr<\/a><\/p>\n","protected":false},"author":1,"featured_media":456,"comment_status":"open","ping_status":"open","sticky":false,"template":"","format":"standard","meta":[],"categories":[1],"tags":[],"_links":{"self":[{"href":"http:\/\/schuelerblog-oyten.de\/index.php?rest_route=\/wp\/v2\/posts\/433"}],"collection":[{"href":"http:\/\/schuelerblog-oyten.de\/index.php?rest_route=\/wp\/v2\/posts"}],"about":[{"href":"http:\/\/schuelerblog-oyten.de\/index.php?rest_route=\/wp\/v2\/types\/post"}],"author":[{"embeddable":true,"href":"http:\/\/schuelerblog-oyten.de\/index.php?rest_route=\/wp\/v2\/users\/1"}],"replies":[{"embeddable":true,"href":"http:\/\/schuelerblog-oyten.de\/index.php?rest_route=%2Fwp%2Fv2%2Fcomments&post=433"}],"version-history":[{"count":3,"href":"http:\/\/schuelerblog-oyten.de\/index.php?rest_route=\/wp\/v2\/posts\/433\/revisions"}],"predecessor-version":[{"id":458,"href":"http:\/\/schuelerblog-oyten.de\/index.php?rest_route=\/wp\/v2\/posts\/433\/revisions\/458"}],"wp:featuredmedia":[{"embeddable":true,"href":"http:\/\/schuelerblog-oyten.de\/index.php?rest_route=\/wp\/v2\/media\/456"}],"wp:attachment":[{"href":"http:\/\/schuelerblog-oyten.de\/index.php?rest_route=%2Fwp%2Fv2%2Fmedia&parent=433"}],"wp:term":[{"taxonomy":"category","embeddable":true,"href":"http:\/\/schuelerblog-oyten.de\/index.php?rest_route=%2Fwp%2Fv2%2Fcategories&post=433"},{"taxonomy":"post_tag","embeddable":true,"href":"http:\/\/schuelerblog-oyten.de\/index.php?rest_route=%2Fwp%2Fv2%2Ftags&post=433"}],"curies":[{"name":"wp","href":"https:\/\/api.w.org\/{rel}","templated":true}]}}