{"id":574,"date":"2017-06-20T10:05:31","date_gmt":"2017-06-20T10:05:31","guid":{"rendered":"http:\/\/schuelerblog-oyten.de\/?p=574"},"modified":"2017-06-20T10:05:31","modified_gmt":"2017-06-20T10:05:31","slug":"das-maedchen-fussballturnier","status":"publish","type":"post","link":"http:\/\/schuelerblog-oyten.de\/?p=574","title":{"rendered":"Das M\u00e4dchen Fu\u00dfballturnier"},"content":{"rendered":"<p><em>Fiene, Svea, Ch\u00e4dic\u00e4nis\u00e4, Emma (4a)<\/em><\/p>\n<p>In unserer Mannschaft waren Kera,\u00a0 Lara, Joelina, Ch\u00e4dic\u00e4nis\u00e4, Sulamita, Fiene, Aleah, Mara, Stella und Svea. Die M\u00e4dchen der dritten und vierten Klassen der Grundschule Oyten, haben an einem\u00a0 Fu\u00dfballturnier in Blender teilgenommen. Die Viertkl\u00e4ssler sind in einem gro\u00dfen Bus gefahren und die\u00a0 Drittkl\u00e4ssler sind mit einen kleinen Auto gefahren. Wo wir da waren haben wir uns umgezogen dann hatten wir das erste Spiel da haben wir dann 1:0 gewonnen. Ein Spiel haben wir auch noch 1:0 gewonnen. Die anderen zwei Spiele haben wir unentschieden gespielt. Danach mussten wir sieben Meter schie\u00dfen gegen Bassen machen denn wir waren punkte gleich. Leider haben wir die drei Siebener verschossen aber wir h\u00e4tten immer noch auf den ersten Platz kommen k\u00f6nnen. Wir haben leider das Spiel wo wir noch aufsteigen k\u00f6nnten gegen \u00a0\u00a0Sagehorn vers\u00e4mmelt. Bei der Siegerehrung haben wir erfahren dass wir 6.Platz geworden sind. Wir haben zwar keinen Pokal gewonnen daf\u00fcr haben wir aber eine Medaille und einen Fu\u00dfball + eine Urkunde, mit Foto bekommen. Es hat sehr viel Spa\u00df gemacht. Trotzdem sind wir froh dass wir den 6.Platz gemacht haben. Trotz dass wir den 6. Platz gemacht haben waren wir richtig gut, denn wir waren eine ganze 1. Platz.<\/p>\n<p><img loading=\"lazy\" class=\"alignnone size-medium wp-image-575\" src=\"http:\/\/schuelerblog-oyten.de\/wp-content\/uploads\/2017\/06\/SAM_1627-300x225.jpg\" alt=\"sam_1627\" width=\"300\" height=\"225\" srcset=\"http:\/\/schuelerblog-oyten.de\/wp-content\/uploads\/2017\/06\/SAM_1627-300x225.jpg 300w, http:\/\/schuelerblog-oyten.de\/wp-content\/uploads\/2017\/06\/SAM_1627-768x576.jpg 768w, http:\/\/schuelerblog-oyten.de\/wp-content\/uploads\/2017\/06\/SAM_1627-1024x768.jpg 1024w, http:\/\/schuelerblog-oyten.de\/wp-content\/uploads\/2017\/06\/SAM_1627-940x705.jpg 940w, http:\/\/schuelerblog-oyten.de\/wp-content\/uploads\/2017\/06\/SAM_1627-533x400.jpg 533w\" sizes=\"(max-width: 300px) 100vw, 300px\" \/> <img loading=\"lazy\" class=\"alignnone size-medium wp-image-577\" src=\"http:\/\/schuelerblog-oyten.de\/wp-content\/uploads\/2017\/06\/SAM_1630-300x225.jpg\" alt=\"sam_1630\" width=\"300\" height=\"225\" srcset=\"http:\/\/schuelerblog-oyten.de\/wp-content\/uploads\/2017\/06\/SAM_1630-300x225.jpg 300w, http:\/\/schuelerblog-oyten.de\/wp-content\/uploads\/2017\/06\/SAM_1630-768x576.jpg 768w, http:\/\/schuelerblog-oyten.de\/wp-content\/uploads\/2017\/06\/SAM_1630-1024x768.jpg 1024w, http:\/\/schuelerblog-oyten.de\/wp-content\/uploads\/2017\/06\/SAM_1630-940x705.jpg 940w, http:\/\/schuelerblog-oyten.de\/wp-content\/uploads\/2017\/06\/SAM_1630-533x400.jpg 533w\" sizes=\"(max-width: 300px) 100vw, 300px\" \/><\/p>\n","protected":false},"excerpt":{"rendered":"<p>Fiene, Svea, Ch\u00e4dic\u00e4nis\u00e4, Emma (4a) In unserer Mannschaft waren Kera,\u00a0 Lara, Joelina, Ch\u00e4dic\u00e4nis\u00e4, Sulamita, Fiene, Aleah, Mara, Stella und Svea. Die M\u00e4dchen der dritten und vierten Klassen der Grundschule Oyten, haben an einem\u00a0 Fu\u00dfballturnier in&hellip; <a href=\"http:\/\/schuelerblog-oyten.de\/?p=574\">Mehr<\/a><\/p>\n","protected":false},"author":1,"featured_media":576,"comment_status":"open","ping_status":"open","sticky":false,"template":"","format":"standard","meta":[],"categories":[1],"tags":[],"_links":{"self":[{"href":"http:\/\/schuelerblog-oyten.de\/index.php?rest_route=\/wp\/v2\/posts\/574"}],"collection":[{"href":"http:\/\/schuelerblog-oyten.de\/index.php?rest_route=\/wp\/v2\/posts"}],"about":[{"href":"http:\/\/schuelerblog-oyten.de\/index.php?rest_route=\/wp\/v2\/types\/post"}],"author":[{"embeddable":true,"href":"http:\/\/schuelerblog-oyten.de\/index.php?rest_route=\/wp\/v2\/users\/1"}],"replies":[{"embeddable":true,"href":"http:\/\/schuelerblog-oyten.de\/index.php?rest_route=%2Fwp%2Fv2%2Fcomments&post=574"}],"version-history":[{"count":1,"href":"http:\/\/schuelerblog-oyten.de\/index.php?rest_route=\/wp\/v2\/posts\/574\/revisions"}],"predecessor-version":[{"id":578,"href":"http:\/\/schuelerblog-oyten.de\/index.php?rest_route=\/wp\/v2\/posts\/574\/revisions\/578"}],"wp:featuredmedia":[{"embeddable":true,"href":"http:\/\/schuelerblog-oyten.de\/index.php?rest_route=\/wp\/v2\/media\/576"}],"wp:attachment":[{"href":"http:\/\/schuelerblog-oyten.de\/index.php?rest_route=%2Fwp%2Fv2%2Fmedia&parent=574"}],"wp:term":[{"taxonomy":"category","embeddable":true,"href":"http:\/\/schuelerblog-oyten.de\/index.php?rest_route=%2Fwp%2Fv2%2Fcategories&post=574"},{"taxonomy":"post_tag","embeddable":true,"href":"http:\/\/schuelerblog-oyten.de\/index.php?rest_route=%2Fwp%2Fv2%2Ftags&post=574"}],"curies":[{"name":"wp","href":"https:\/\/api.w.org\/{rel}","templated":true}]}}