{"id":913,"date":"2017-12-04T11:50:05","date_gmt":"2017-12-04T11:50:05","guid":{"rendered":"http:\/\/schuelerblog-oyten.de\/?p=913"},"modified":"2017-12-04T11:50:05","modified_gmt":"2017-12-04T11:50:05","slug":"der-tannenbaum","status":"publish","type":"post","link":"http:\/\/schuelerblog-oyten.de\/?p=913","title":{"rendered":"Der Tannenbaum"},"content":{"rendered":"<p><img loading=\"lazy\" class=\"alignnone size-medium wp-image-915\" src=\"http:\/\/schuelerblog-oyten.de\/wp-content\/uploads\/2017\/12\/IMG_0471-300x225.jpg\" alt=\"img_0471\" width=\"300\" height=\"225\" srcset=\"http:\/\/schuelerblog-oyten.de\/wp-content\/uploads\/2017\/12\/IMG_0471-300x225.jpg 300w, http:\/\/schuelerblog-oyten.de\/wp-content\/uploads\/2017\/12\/IMG_0471-768x576.jpg 768w, http:\/\/schuelerblog-oyten.de\/wp-content\/uploads\/2017\/12\/IMG_0471-1024x768.jpg 1024w, http:\/\/schuelerblog-oyten.de\/wp-content\/uploads\/2017\/12\/IMG_0471-940x705.jpg 940w, http:\/\/schuelerblog-oyten.de\/wp-content\/uploads\/2017\/12\/IMG_0471-533x400.jpg 533w\" sizes=\"(max-width: 300px) 100vw, 300px\" \/><\/p>\n<p>Der Tannenbaum wurde am Freitag den 1.12.2017 geschm\u00fcckt von den Freitags- Kindern. Wir haben den Tannenbaum von dem Schulverein gespendet gekriegt. Der Tannenbaum wurde sch\u00f6n geschm\u00fcckt, mit sch\u00f6nen Dekorationen, die von uns Sch\u00fclern gebastelt wurden, z.B. \u00c4pfel, Sterne, Tannenb\u00e4ume aus \u00a0Tannenzapfen, usw.<\/p>\n<p>Leonie T. , Leonie B. , Luisa<\/p>\n","protected":false},"excerpt":{"rendered":"<p>Der Tannenbaum wurde am Freitag den 1.12.2017 geschm\u00fcckt von den Freitags- Kindern. Wir haben den Tannenbaum von dem Schulverein gespendet gekriegt. Der Tannenbaum wurde sch\u00f6n geschm\u00fcckt, mit sch\u00f6nen Dekorationen, die von uns Sch\u00fclern gebastelt wurden,&hellip; <a href=\"http:\/\/schuelerblog-oyten.de\/?p=913\">Mehr<\/a><\/p>\n","protected":false},"author":1,"featured_media":0,"comment_status":"open","ping_status":"open","sticky":false,"template":"","format":"standard","meta":[],"categories":[1],"tags":[],"_links":{"self":[{"href":"http:\/\/schuelerblog-oyten.de\/index.php?rest_route=\/wp\/v2\/posts\/913"}],"collection":[{"href":"http:\/\/schuelerblog-oyten.de\/index.php?rest_route=\/wp\/v2\/posts"}],"about":[{"href":"http:\/\/schuelerblog-oyten.de\/index.php?rest_route=\/wp\/v2\/types\/post"}],"author":[{"embeddable":true,"href":"http:\/\/schuelerblog-oyten.de\/index.php?rest_route=\/wp\/v2\/users\/1"}],"replies":[{"embeddable":true,"href":"http:\/\/schuelerblog-oyten.de\/index.php?rest_route=%2Fwp%2Fv2%2Fcomments&post=913"}],"version-history":[{"count":1,"href":"http:\/\/schuelerblog-oyten.de\/index.php?rest_route=\/wp\/v2\/posts\/913\/revisions"}],"predecessor-version":[{"id":916,"href":"http:\/\/schuelerblog-oyten.de\/index.php?rest_route=\/wp\/v2\/posts\/913\/revisions\/916"}],"wp:attachment":[{"href":"http:\/\/schuelerblog-oyten.de\/index.php?rest_route=%2Fwp%2Fv2%2Fmedia&parent=913"}],"wp:term":[{"taxonomy":"category","embeddable":true,"href":"http:\/\/schuelerblog-oyten.de\/index.php?rest_route=%2Fwp%2Fv2%2Fcategories&post=913"},{"taxonomy":"post_tag","embeddable":true,"href":"http:\/\/schuelerblog-oyten.de\/index.php?rest_route=%2Fwp%2Fv2%2Ftags&post=913"}],"curies":[{"name":"wp","href":"https:\/\/api.w.org\/{rel}","templated":true}]}}